{"id":8162,"date":"2017-05-09T13:21:21","date_gmt":"2017-05-09T11:21:21","guid":{"rendered":"https:\/\/mascar.it\/?p=8162\/"},"modified":"2017-05-09T13:21:21","modified_gmt":"2017-05-09T11:21:21","slug":"demoagro-2017","status":"publish","type":"post","link":"https:\/\/mascar.it\/es\/demoagro-2017\/","title":{"rendered":"DEMOAGRO 2017"},"content":{"rendered":"<p>La presentaci\u00f3n oficial ser\u00e1 en Demoagro 2017 (9-10 y 11 de mayo), donde se presentar\u00e1 la gama de productos en funcionamiento.<\/p>\n<p>Para m\u00e1s informaci\u00f3n, consulte<\/p>\n<p><a href=\"http:\/\/www.demoagro.es\/\" target=\"_blank\" rel=\"noopener noreferrer\">www.demoagro.es<\/a><\/p>\n<p><i>\u00a0<\/i><\/p>\n","protected":false},"excerpt":{"rendered":"<p>La presentaci\u00f3n oficial ser\u00e1 en Demoagro 2017 (9-10 y 11 de mayo), donde se presentar\u00e1 la gama de productos en funcionamiento. Para m\u00e1s informaci\u00f3n, consulte www.demoagro.es \u00a0<\/p>\n","protected":false},"author":2,"featured_media":8163,"comment_status":"open","ping_status":"open","sticky":false,"template":"","format":"standard","meta":{"_acf_changed":false,"footnotes":""},"categories":[83],"tags":[],"acf":[],"yoast_head":"<!-- This site is optimized with the Yoast SEO plugin v24.2 - https:\/\/yoast.com\/wordpress\/plugins\/seo\/ -->\n<title>DEMOAGRO 2017 - Mascar SpA maquinaria agricola<\/title>\n<meta name=\"description\" content=\"Mascar estar\u00e1 presente en Demoagro 2017, San Clemente (Cuenca)\" \/>\n<meta name=\"robots\" content=\"index, follow, max-snippet:-1, max-image-preview:large, max-video-preview:-1\" \/>\n<link rel=\"canonical\" href=\"https:\/\/mascar.it\/es\/demoagro-2017\/\" \/>\n<meta property=\"og:locale\" content=\"es_ES\" \/>\n<meta property=\"og:type\" content=\"article\" \/>\n<meta property=\"og:title\" content=\"DEMOAGRO 2017 - Mascar SpA maquinaria agricola\" \/>\n<meta property=\"og:description\" content=\"Mascar estar\u00e1 presente en Demoagro 2017, San Clemente (Cuenca)\" \/>\n<meta property=\"og:url\" content=\"https:\/\/mascar.it\/es\/demoagro-2017\/\" \/>\n<meta property=\"og:site_name\" content=\"Mascar\" \/>\n<meta property=\"article:published_time\" content=\"2017-05-09T11:21:21+00:00\" \/>\n<meta property=\"og:image\" content=\"https:\/\/mascar.it\/wp-content\/uploads\/2017\/05\/Demoagro_web.jpg\" \/>\n\t<meta property=\"og:image:width\" content=\"1500\" \/>\n\t<meta property=\"og:image:height\" content=\"861\" \/>\n\t<meta property=\"og:image:type\" content=\"image\/jpeg\" \/>\n<meta name=\"author\" content=\"mascar\" \/>\n<meta name=\"twitter:card\" content=\"summary_large_image\" \/>\n<meta name=\"twitter:label1\" content=\"Escrito por\" \/>\n\t<meta name=\"twitter:data1\" content=\"mascar\" \/>\n<script type=\"application\/ld+json\" class=\"yoast-schema-graph\">{\"@context\":\"https:\/\/schema.org\",\"@graph\":[{\"@type\":\"WebPage\",\"@id\":\"https:\/\/mascar.it\/es\/demoagro-2017\/\",\"url\":\"https:\/\/mascar.it\/es\/demoagro-2017\/\",\"name\":\"DEMOAGRO 2017 - Mascar SpA maquinaria agricola\",\"isPartOf\":{\"@id\":\"https:\/\/mascar.it\/#website\"},\"primaryImageOfPage\":{\"@id\":\"https:\/\/mascar.it\/es\/demoagro-2017\/#primaryimage\"},\"image\":{\"@id\":\"https:\/\/mascar.it\/es\/demoagro-2017\/#primaryimage\"},\"thumbnailUrl\":\"https:\/\/mascar.it\/wp-content\/uploads\/2017\/05\/Demoagro_web.jpg\",\"datePublished\":\"2017-05-09T11:21:21+00:00\",\"dateModified\":\"2017-05-09T11:21:21+00:00\",\"author\":{\"@id\":\"https:\/\/mascar.it\/#\/schema\/person\/e50245fd23c56c2ac42aec3676dd5380\"},\"description\":\"Mascar estar\u00e1 presente en Demoagro 2017, San Clemente (Cuenca)\",\"breadcrumb\":{\"@id\":\"https:\/\/mascar.it\/es\/demoagro-2017\/#breadcrumb\"},\"inLanguage\":\"es\",\"potentialAction\":[{\"@type\":\"ReadAction\",\"target\":[\"https:\/\/mascar.it\/es\/demoagro-2017\/\"]}]},{\"@type\":\"ImageObject\",\"inLanguage\":\"es\",\"@id\":\"https:\/\/mascar.it\/es\/demoagro-2017\/#primaryimage\",\"url\":\"https:\/\/mascar.it\/wp-content\/uploads\/2017\/05\/Demoagro_web.jpg\",\"contentUrl\":\"https:\/\/mascar.it\/wp-content\/uploads\/2017\/05\/Demoagro_web.jpg\",\"width\":1500,\"height\":861},{\"@type\":\"BreadcrumbList\",\"@id\":\"https:\/\/mascar.it\/es\/demoagro-2017\/#breadcrumb\",\"itemListElement\":[{\"@type\":\"ListItem\",\"position\":1,\"name\":\"Home\",\"item\":\"https:\/\/mascar.it\/es\/\"},{\"@type\":\"ListItem\",\"position\":2,\"name\":\"DEMOAGRO 2017\"}]},{\"@type\":\"WebSite\",\"@id\":\"https:\/\/mascar.it\/#website\",\"url\":\"https:\/\/mascar.it\/\",\"name\":\"Mascar\",\"description\":\"manufacturer of agricultural machines\",\"potentialAction\":[{\"@type\":\"SearchAction\",\"target\":{\"@type\":\"EntryPoint\",\"urlTemplate\":\"https:\/\/mascar.it\/?s={search_term_string}\"},\"query-input\":{\"@type\":\"PropertyValueSpecification\",\"valueRequired\":true,\"valueName\":\"search_term_string\"}}],\"inLanguage\":\"es\"},{\"@type\":\"Person\",\"@id\":\"https:\/\/mascar.it\/#\/schema\/person\/e50245fd23c56c2ac42aec3676dd5380\",\"name\":\"mascar\",\"image\":{\"@type\":\"ImageObject\",\"inLanguage\":\"es\",\"@id\":\"https:\/\/mascar.it\/#\/schema\/person\/image\/\",\"url\":\"https:\/\/secure.gravatar.com\/avatar\/250e12bd4d02f92fd90faef2c78abcb4?s=96&d=mm&r=g\",\"contentUrl\":\"https:\/\/secure.gravatar.com\/avatar\/250e12bd4d02f92fd90faef2c78abcb4?s=96&d=mm&r=g\",\"caption\":\"mascar\"},\"url\":\"https:\/\/mascar.it\/es\/author\/mascar\/\"}]}<\/script>\n<!-- \/ Yoast SEO plugin. -->","yoast_head_json":{"title":"DEMOAGRO 2017 - Mascar SpA maquinaria agricola","description":"Mascar estar\u00e1 presente en Demoagro 2017, San Clemente (Cuenca)","robots":{"index":"index","follow":"follow","max-snippet":"max-snippet:-1","max-image-preview":"max-image-preview:large","max-video-preview":"max-video-preview:-1"},"canonical":"https:\/\/mascar.it\/es\/demoagro-2017\/","og_locale":"es_ES","og_type":"article","og_title":"DEMOAGRO 2017 - Mascar SpA maquinaria agricola","og_description":"Mascar estar\u00e1 presente en Demoagro 2017, San Clemente (Cuenca)","og_url":"https:\/\/mascar.it\/es\/demoagro-2017\/","og_site_name":"Mascar","article_published_time":"2017-05-09T11:21:21+00:00","og_image":[{"width":1500,"height":861,"url":"https:\/\/mascar.it\/wp-content\/uploads\/2017\/05\/Demoagro_web.jpg","type":"image\/jpeg"}],"author":"mascar","twitter_card":"summary_large_image","twitter_misc":{"Escrito por":"mascar"},"schema":{"@context":"https:\/\/schema.org","@graph":[{"@type":"WebPage","@id":"https:\/\/mascar.it\/es\/demoagro-2017\/","url":"https:\/\/mascar.it\/es\/demoagro-2017\/","name":"DEMOAGRO 2017 - Mascar SpA maquinaria agricola","isPartOf":{"@id":"https:\/\/mascar.it\/#website"},"primaryImageOfPage":{"@id":"https:\/\/mascar.it\/es\/demoagro-2017\/#primaryimage"},"image":{"@id":"https:\/\/mascar.it\/es\/demoagro-2017\/#primaryimage"},"thumbnailUrl":"https:\/\/mascar.it\/wp-content\/uploads\/2017\/05\/Demoagro_web.jpg","datePublished":"2017-05-09T11:21:21+00:00","dateModified":"2017-05-09T11:21:21+00:00","author":{"@id":"https:\/\/mascar.it\/#\/schema\/person\/e50245fd23c56c2ac42aec3676dd5380"},"description":"Mascar estar\u00e1 presente en Demoagro 2017, San Clemente (Cuenca)","breadcrumb":{"@id":"https:\/\/mascar.it\/es\/demoagro-2017\/#breadcrumb"},"inLanguage":"es","potentialAction":[{"@type":"ReadAction","target":["https:\/\/mascar.it\/es\/demoagro-2017\/"]}]},{"@type":"ImageObject","inLanguage":"es","@id":"https:\/\/mascar.it\/es\/demoagro-2017\/#primaryimage","url":"https:\/\/mascar.it\/wp-content\/uploads\/2017\/05\/Demoagro_web.jpg","contentUrl":"https:\/\/mascar.it\/wp-content\/uploads\/2017\/05\/Demoagro_web.jpg","width":1500,"height":861},{"@type":"BreadcrumbList","@id":"https:\/\/mascar.it\/es\/demoagro-2017\/#breadcrumb","itemListElement":[{"@type":"ListItem","position":1,"name":"Home","item":"https:\/\/mascar.it\/es\/"},{"@type":"ListItem","position":2,"name":"DEMOAGRO 2017"}]},{"@type":"WebSite","@id":"https:\/\/mascar.it\/#website","url":"https:\/\/mascar.it\/","name":"Mascar","description":"manufacturer of agricultural machines","potentialAction":[{"@type":"SearchAction","target":{"@type":"EntryPoint","urlTemplate":"https:\/\/mascar.it\/?s={search_term_string}"},"query-input":{"@type":"PropertyValueSpecification","valueRequired":true,"valueName":"search_term_string"}}],"inLanguage":"es"},{"@type":"Person","@id":"https:\/\/mascar.it\/#\/schema\/person\/e50245fd23c56c2ac42aec3676dd5380","name":"mascar","image":{"@type":"ImageObject","inLanguage":"es","@id":"https:\/\/mascar.it\/#\/schema\/person\/image\/","url":"https:\/\/secure.gravatar.com\/avatar\/250e12bd4d02f92fd90faef2c78abcb4?s=96&d=mm&r=g","contentUrl":"https:\/\/secure.gravatar.com\/avatar\/250e12bd4d02f92fd90faef2c78abcb4?s=96&d=mm&r=g","caption":"mascar"},"url":"https:\/\/mascar.it\/es\/author\/mascar\/"}]}},"_links":{"self":[{"href":"https:\/\/mascar.it\/es\/wp-json\/wp\/v2\/posts\/8162"}],"collection":[{"href":"https:\/\/mascar.it\/es\/wp-json\/wp\/v2\/posts"}],"about":[{"href":"https:\/\/mascar.it\/es\/wp-json\/wp\/v2\/types\/post"}],"author":[{"embeddable":true,"href":"https:\/\/mascar.it\/es\/wp-json\/wp\/v2\/users\/2"}],"replies":[{"embeddable":true,"href":"https:\/\/mascar.it\/es\/wp-json\/wp\/v2\/comments?post=8162"}],"version-history":[{"count":5,"href":"https:\/\/mascar.it\/es\/wp-json\/wp\/v2\/posts\/8162\/revisions"}],"predecessor-version":[{"id":8168,"href":"https:\/\/mascar.it\/es\/wp-json\/wp\/v2\/posts\/8162\/revisions\/8168"}],"wp:featuredmedia":[{"embeddable":true,"href":"https:\/\/mascar.it\/es\/wp-json\/wp\/v2\/media\/8163"}],"wp:attachment":[{"href":"https:\/\/mascar.it\/es\/wp-json\/wp\/v2\/media?parent=8162"}],"wp:term":[{"taxonomy":"category","embeddable":true,"href":"https:\/\/mascar.it\/es\/wp-json\/wp\/v2\/categories?post=8162"},{"taxonomy":"post_tag","embeddable":true,"href":"https:\/\/mascar.it\/es\/wp-json\/wp\/v2\/tags?post=8162"}],"curies":[{"name":"wp","href":"https:\/\/api.w.org\/{rel}","templated":true}]}}