{"id":14190,"date":"2019-05-16T11:33:08","date_gmt":"2019-05-16T09:33:08","guid":{"rendered":"https:\/\/mascar.it\/?p=14190"},"modified":"2021-11-24T09:26:38","modified_gmt":"2021-11-24T08:26:38","slug":"mascar-participera-au-salon-de-lherbe-et-des-fourrages-2019","status":"publish","type":"post","link":"https:\/\/mascar.it\/fr\/mascar-participera-au-salon-de-lherbe-et-des-fourrages-2019\/","title":{"rendered":"Mascar participera au Salon de l\u2019Herbe et des Fourrages 2019"},"content":{"rendered":"<p>Au stand n31 nous emm\u00e8nerons la presse \u00e0 chambre variable mod\u00e8le <strong>MONSTER 770 CUT PLUS<\/strong> et <strong>l\u2019enrubanneuse de balles tra\u00een\u00e9e 3100S<\/strong> avec syst\u00e8me innovant d&rsquo;enrubannage \u00e0 double film \u00e9tirage \u00ab\u00a0<strong>Dual <\/strong>\u00bb, excellents repr\u00e9sentants de notre gamme d\u00e9di\u00e9e \u00e0 la fenaison.<\/p>\n<p>Au fil des ann\u00e9es, le Salon de l&rsquo;Herbe et des Fourrages est devenu l&rsquo;une des expositions les plus importantes dans le domaine de toutes les cultures fourrag\u00e8res et peut compter sur 30 hectares de terrains d\u00e9di\u00e9s \u00e0 l&rsquo;exposition et aux essais sur le terrain.<\/p>\n<p>Lors de l&rsquo;\u00e9v\u00e9nement il y aura 170 marques internationales, mais ce n&rsquo;est pas seulement un salon d\u00e9di\u00e9 \u00e0 la fenaison, vous trouverez \u00e9galement des produits, des expositions de plantes, des s\u00e9minaires, des ateliers et des conf\u00e9rences qui enrichiront le programme.<\/p>\n<p>Il est important de noter que l&rsquo;itin\u00e9raire optimis\u00e9 garantira au visiteur la vision de toutes les attractions de l&rsquo;exposition en une seule journ\u00e9e.<\/p>\n<p>Plus d&rsquo;informations peuvent \u00eatre trouv\u00e9es en cliquant ici\u00a0:\u00a0<a href=\"https:\/\/www.salonherbe.com\/\" target=\"_blank\" rel=\"noopener noreferrer\"><strong>Salon de l\u2019Herbe site officiel<\/strong><\/a><\/p>\n","protected":false},"excerpt":{"rendered":"<p>Au stand n31 nous emm\u00e8nerons la presse \u00e0 chambre variable mod\u00e8le MONSTER 770 CUT PLUS et l\u2019enrubanneuse de balles tra\u00een\u00e9e 3100S avec syst\u00e8me innovant d&rsquo;enrubannage \u00e0 double film \u00e9tirage \u00ab\u00a0Dual \u00bb, excellents repr\u00e9sentants de notre gamme d\u00e9di\u00e9e \u00e0 la fenaison. Au fil des ann\u00e9es, le Salon de l&rsquo;Herbe et des Fourrages est devenu l&rsquo;une des [&hellip;]<\/p>\n","protected":false},"author":2,"featured_media":14182,"comment_status":"open","ping_status":"open","sticky":false,"template":"","format":"standard","meta":{"_acf_changed":false,"footnotes":""},"categories":[19],"tags":[],"acf":[],"yoast_head":"<!-- This site is optimized with the Yoast SEO plugin v24.2 - https:\/\/yoast.com\/wordpress\/plugins\/seo\/ -->\n<title>Mascar participera au Salon de l\u2019Herbe et des Fourrages 2019<\/title>\n<meta name=\"description\" content=\"Mascar participera au Salon de l\u2019Herbe et des Fourrages, le salon a pour vocation d\u2019exposer les machines en plein champs.\" \/>\n<meta name=\"robots\" content=\"index, follow, max-snippet:-1, max-image-preview:large, max-video-preview:-1\" \/>\n<link rel=\"canonical\" href=\"https:\/\/mascar.it\/fr\/mascar-participera-au-salon-de-lherbe-et-des-fourrages-2019\/\" \/>\n<meta property=\"og:locale\" content=\"fr_FR\" \/>\n<meta property=\"og:type\" content=\"article\" \/>\n<meta property=\"og:title\" content=\"Mascar participera au Salon de l\u2019Herbe et des Fourrages 2019\" \/>\n<meta property=\"og:description\" content=\"Mascar participera au Salon de l\u2019Herbe et des Fourrages, le salon a pour vocation d\u2019exposer les machines en plein champs.\" \/>\n<meta property=\"og:url\" content=\"https:\/\/mascar.it\/fr\/mascar-participera-au-salon-de-lherbe-et-des-fourrages-2019\/\" \/>\n<meta property=\"og:site_name\" content=\"Mascar\" \/>\n<meta property=\"article:published_time\" content=\"2019-05-16T09:33:08+00:00\" \/>\n<meta property=\"article:modified_time\" content=\"2021-11-24T08:26:38+00:00\" \/>\n<meta property=\"og:image\" content=\"https:\/\/mascar.it\/wp-content\/uploads\/2019\/05\/MG_2149a.jpg\" \/>\n\t<meta property=\"og:image:width\" content=\"1000\" \/>\n\t<meta property=\"og:image:height\" content=\"574\" \/>\n\t<meta property=\"og:image:type\" content=\"image\/jpeg\" \/>\n<meta name=\"author\" content=\"mascar\" \/>\n<meta name=\"twitter:card\" content=\"summary_large_image\" \/>\n<meta name=\"twitter:label1\" content=\"\u00c9crit par\" \/>\n\t<meta name=\"twitter:data1\" content=\"mascar\" \/>\n\t<meta name=\"twitter:label2\" content=\"Dur\u00e9e de lecture estim\u00e9e\" \/>\n\t<meta name=\"twitter:data2\" content=\"1 minute\" \/>\n<script type=\"application\/ld+json\" class=\"yoast-schema-graph\">{\"@context\":\"https:\/\/schema.org\",\"@graph\":[{\"@type\":\"WebPage\",\"@id\":\"https:\/\/mascar.it\/fr\/mascar-participera-au-salon-de-lherbe-et-des-fourrages-2019\/\",\"url\":\"https:\/\/mascar.it\/fr\/mascar-participera-au-salon-de-lherbe-et-des-fourrages-2019\/\",\"name\":\"Mascar participera au Salon de l\u2019Herbe et des Fourrages 2019\",\"isPartOf\":{\"@id\":\"https:\/\/mascar.it\/#website\"},\"primaryImageOfPage\":{\"@id\":\"https:\/\/mascar.it\/fr\/mascar-participera-au-salon-de-lherbe-et-des-fourrages-2019\/#primaryimage\"},\"image\":{\"@id\":\"https:\/\/mascar.it\/fr\/mascar-participera-au-salon-de-lherbe-et-des-fourrages-2019\/#primaryimage\"},\"thumbnailUrl\":\"https:\/\/mascar.it\/wp-content\/uploads\/2019\/05\/MG_2149a.jpg\",\"datePublished\":\"2019-05-16T09:33:08+00:00\",\"dateModified\":\"2021-11-24T08:26:38+00:00\",\"author\":{\"@id\":\"https:\/\/mascar.it\/#\/schema\/person\/e50245fd23c56c2ac42aec3676dd5380\"},\"description\":\"Mascar participera au Salon de l\u2019Herbe et des Fourrages, le salon a pour vocation d\u2019exposer les machines en plein champs.\",\"breadcrumb\":{\"@id\":\"https:\/\/mascar.it\/fr\/mascar-participera-au-salon-de-lherbe-et-des-fourrages-2019\/#breadcrumb\"},\"inLanguage\":\"fr-FR\",\"potentialAction\":[{\"@type\":\"ReadAction\",\"target\":[\"https:\/\/mascar.it\/fr\/mascar-participera-au-salon-de-lherbe-et-des-fourrages-2019\/\"]}]},{\"@type\":\"ImageObject\",\"inLanguage\":\"fr-FR\",\"@id\":\"https:\/\/mascar.it\/fr\/mascar-participera-au-salon-de-lherbe-et-des-fourrages-2019\/#primaryimage\",\"url\":\"https:\/\/mascar.it\/wp-content\/uploads\/2019\/05\/MG_2149a.jpg\",\"contentUrl\":\"https:\/\/mascar.it\/wp-content\/uploads\/2019\/05\/MG_2149a.jpg\",\"width\":1000,\"height\":574},{\"@type\":\"BreadcrumbList\",\"@id\":\"https:\/\/mascar.it\/fr\/mascar-participera-au-salon-de-lherbe-et-des-fourrages-2019\/#breadcrumb\",\"itemListElement\":[{\"@type\":\"ListItem\",\"position\":1,\"name\":\"Home\",\"item\":\"https:\/\/mascar.it\/fr\/\"},{\"@type\":\"ListItem\",\"position\":2,\"name\":\"Mascar participera au Salon de l\u2019Herbe et des Fourrages 2019\"}]},{\"@type\":\"WebSite\",\"@id\":\"https:\/\/mascar.it\/#website\",\"url\":\"https:\/\/mascar.it\/\",\"name\":\"Mascar\",\"description\":\"manufacturer of agricultural machines\",\"potentialAction\":[{\"@type\":\"SearchAction\",\"target\":{\"@type\":\"EntryPoint\",\"urlTemplate\":\"https:\/\/mascar.it\/?s={search_term_string}\"},\"query-input\":{\"@type\":\"PropertyValueSpecification\",\"valueRequired\":true,\"valueName\":\"search_term_string\"}}],\"inLanguage\":\"fr-FR\"},{\"@type\":\"Person\",\"@id\":\"https:\/\/mascar.it\/#\/schema\/person\/e50245fd23c56c2ac42aec3676dd5380\",\"name\":\"mascar\",\"image\":{\"@type\":\"ImageObject\",\"inLanguage\":\"fr-FR\",\"@id\":\"https:\/\/mascar.it\/#\/schema\/person\/image\/\",\"url\":\"https:\/\/secure.gravatar.com\/avatar\/250e12bd4d02f92fd90faef2c78abcb4?s=96&d=mm&r=g\",\"contentUrl\":\"https:\/\/secure.gravatar.com\/avatar\/250e12bd4d02f92fd90faef2c78abcb4?s=96&d=mm&r=g\",\"caption\":\"mascar\"},\"url\":\"https:\/\/mascar.it\/fr\/author\/mascar\/\"}]}<\/script>\n<!-- \/ Yoast SEO plugin. -->","yoast_head_json":{"title":"Mascar participera au Salon de l\u2019Herbe et des Fourrages 2019","description":"Mascar participera au Salon de l\u2019Herbe et des Fourrages, le salon a pour vocation d\u2019exposer les machines en plein champs.","robots":{"index":"index","follow":"follow","max-snippet":"max-snippet:-1","max-image-preview":"max-image-preview:large","max-video-preview":"max-video-preview:-1"},"canonical":"https:\/\/mascar.it\/fr\/mascar-participera-au-salon-de-lherbe-et-des-fourrages-2019\/","og_locale":"fr_FR","og_type":"article","og_title":"Mascar participera au Salon de l\u2019Herbe et des Fourrages 2019","og_description":"Mascar participera au Salon de l\u2019Herbe et des Fourrages, le salon a pour vocation d\u2019exposer les machines en plein champs.","og_url":"https:\/\/mascar.it\/fr\/mascar-participera-au-salon-de-lherbe-et-des-fourrages-2019\/","og_site_name":"Mascar","article_published_time":"2019-05-16T09:33:08+00:00","article_modified_time":"2021-11-24T08:26:38+00:00","og_image":[{"width":1000,"height":574,"url":"https:\/\/mascar.it\/wp-content\/uploads\/2019\/05\/MG_2149a.jpg","type":"image\/jpeg"}],"author":"mascar","twitter_card":"summary_large_image","twitter_misc":{"\u00c9crit par":"mascar","Dur\u00e9e de lecture estim\u00e9e":"1 minute"},"schema":{"@context":"https:\/\/schema.org","@graph":[{"@type":"WebPage","@id":"https:\/\/mascar.it\/fr\/mascar-participera-au-salon-de-lherbe-et-des-fourrages-2019\/","url":"https:\/\/mascar.it\/fr\/mascar-participera-au-salon-de-lherbe-et-des-fourrages-2019\/","name":"Mascar participera au Salon de l\u2019Herbe et des Fourrages 2019","isPartOf":{"@id":"https:\/\/mascar.it\/#website"},"primaryImageOfPage":{"@id":"https:\/\/mascar.it\/fr\/mascar-participera-au-salon-de-lherbe-et-des-fourrages-2019\/#primaryimage"},"image":{"@id":"https:\/\/mascar.it\/fr\/mascar-participera-au-salon-de-lherbe-et-des-fourrages-2019\/#primaryimage"},"thumbnailUrl":"https:\/\/mascar.it\/wp-content\/uploads\/2019\/05\/MG_2149a.jpg","datePublished":"2019-05-16T09:33:08+00:00","dateModified":"2021-11-24T08:26:38+00:00","author":{"@id":"https:\/\/mascar.it\/#\/schema\/person\/e50245fd23c56c2ac42aec3676dd5380"},"description":"Mascar participera au Salon de l\u2019Herbe et des Fourrages, le salon a pour vocation d\u2019exposer les machines en plein champs.","breadcrumb":{"@id":"https:\/\/mascar.it\/fr\/mascar-participera-au-salon-de-lherbe-et-des-fourrages-2019\/#breadcrumb"},"inLanguage":"fr-FR","potentialAction":[{"@type":"ReadAction","target":["https:\/\/mascar.it\/fr\/mascar-participera-au-salon-de-lherbe-et-des-fourrages-2019\/"]}]},{"@type":"ImageObject","inLanguage":"fr-FR","@id":"https:\/\/mascar.it\/fr\/mascar-participera-au-salon-de-lherbe-et-des-fourrages-2019\/#primaryimage","url":"https:\/\/mascar.it\/wp-content\/uploads\/2019\/05\/MG_2149a.jpg","contentUrl":"https:\/\/mascar.it\/wp-content\/uploads\/2019\/05\/MG_2149a.jpg","width":1000,"height":574},{"@type":"BreadcrumbList","@id":"https:\/\/mascar.it\/fr\/mascar-participera-au-salon-de-lherbe-et-des-fourrages-2019\/#breadcrumb","itemListElement":[{"@type":"ListItem","position":1,"name":"Home","item":"https:\/\/mascar.it\/fr\/"},{"@type":"ListItem","position":2,"name":"Mascar participera au Salon de l\u2019Herbe et des Fourrages 2019"}]},{"@type":"WebSite","@id":"https:\/\/mascar.it\/#website","url":"https:\/\/mascar.it\/","name":"Mascar","description":"manufacturer of agricultural machines","potentialAction":[{"@type":"SearchAction","target":{"@type":"EntryPoint","urlTemplate":"https:\/\/mascar.it\/?s={search_term_string}"},"query-input":{"@type":"PropertyValueSpecification","valueRequired":true,"valueName":"search_term_string"}}],"inLanguage":"fr-FR"},{"@type":"Person","@id":"https:\/\/mascar.it\/#\/schema\/person\/e50245fd23c56c2ac42aec3676dd5380","name":"mascar","image":{"@type":"ImageObject","inLanguage":"fr-FR","@id":"https:\/\/mascar.it\/#\/schema\/person\/image\/","url":"https:\/\/secure.gravatar.com\/avatar\/250e12bd4d02f92fd90faef2c78abcb4?s=96&d=mm&r=g","contentUrl":"https:\/\/secure.gravatar.com\/avatar\/250e12bd4d02f92fd90faef2c78abcb4?s=96&d=mm&r=g","caption":"mascar"},"url":"https:\/\/mascar.it\/fr\/author\/mascar\/"}]}},"_links":{"self":[{"href":"https:\/\/mascar.it\/fr\/wp-json\/wp\/v2\/posts\/14190"}],"collection":[{"href":"https:\/\/mascar.it\/fr\/wp-json\/wp\/v2\/posts"}],"about":[{"href":"https:\/\/mascar.it\/fr\/wp-json\/wp\/v2\/types\/post"}],"author":[{"embeddable":true,"href":"https:\/\/mascar.it\/fr\/wp-json\/wp\/v2\/users\/2"}],"replies":[{"embeddable":true,"href":"https:\/\/mascar.it\/fr\/wp-json\/wp\/v2\/comments?post=14190"}],"version-history":[{"count":8,"href":"https:\/\/mascar.it\/fr\/wp-json\/wp\/v2\/posts\/14190\/revisions"}],"predecessor-version":[{"id":17152,"href":"https:\/\/mascar.it\/fr\/wp-json\/wp\/v2\/posts\/14190\/revisions\/17152"}],"wp:featuredmedia":[{"embeddable":true,"href":"https:\/\/mascar.it\/fr\/wp-json\/wp\/v2\/media\/14182"}],"wp:attachment":[{"href":"https:\/\/mascar.it\/fr\/wp-json\/wp\/v2\/media?parent=14190"}],"wp:term":[{"taxonomy":"category","embeddable":true,"href":"https:\/\/mascar.it\/fr\/wp-json\/wp\/v2\/categories?post=14190"},{"taxonomy":"post_tag","embeddable":true,"href":"https:\/\/mascar.it\/fr\/wp-json\/wp\/v2\/tags?post=14190"}],"curies":[{"name":"wp","href":"https:\/\/api.w.org\/{rel}","templated":true}]}}