{"id":15422,"date":"2020-10-20T14:04:57","date_gmt":"2020-10-20T12:04:57","guid":{"rendered":"https:\/\/mascar.it\/?p=15422"},"modified":"2020-10-20T15:26:45","modified_gmt":"2020-10-20T13:26:45","slug":"eima-digital-preview-le-salon-directement-chez-vous","status":"publish","type":"post","link":"https:\/\/mascar.it\/fr\/eima-digital-preview-le-salon-directement-chez-vous\/","title":{"rendered":"EIMA Digital Preview : le salon directement chez vous"},"content":{"rendered":"<p>La vraie foire de Bologne n&rsquo;a pas \u00e9t\u00e9 annul\u00e9e, mais simplement d\u00e9plac\u00e9e du 3 au 7 f\u00e9vrier 2021.<\/p>\n<p>Gr\u00e2ce \u00e0 la <strong>plate-forme EDP<\/strong>, vous pouvez visiter le stand virtuel dans le confort de votre PC, smartphone ou tablet.<\/p>\n<p>&nbsp;<\/p>\n<p>Le stand ressemblera \u00e0 une v\u00e9ritable salle d&rsquo;exposition, o\u00f9 seront pr\u00e9sentes nos machines, les moniteurs \u00e0 travers lesquels vous pourrez voir les vid\u00e9os et plus pr\u00e9cis\u00e9ment il sera possible :<\/p>\n<ul>\n<li><span style=\"color: green;\">Avoir un aper\u00e7u de l&rsquo;actualit\u00e9 de notre gamme 2021 (que vous verrez physiquement \u00e0 l&rsquo;EIMA \u00e0 Bologne en f\u00e9vrier 2021)<\/span><\/li>\n<li><span style=\"color: green;\">T\u00e9l\u00e9charger des brochures, images et documentation technique<\/span><\/li>\n<li><span style=\"color: green;\">Parlez directement avec nous via l&rsquo;avatar et le chat appropri\u00e9<\/span><\/li>\n<li><span style=\"color: green;\">Demander des rendez-vous pour \u00eatre re\u00e7u par appel dans les salles de r\u00e9union<\/span><\/li>\n<\/ul>\n<p>Tout cela en quelques clics dans le confort de votre domicile ou de votre travail.<\/p>\n<p>&nbsp;<\/p>\n<p style=\"text-align: center;\"><strong><span style=\"color: green;\">Cliquez sur le bouton ci-dessous pour participer<\/span><\/strong><\/p>\n<p><a href=\"https:\/\/www.eima.it\/en\/visitatori\/user-form.php\" target=\"_blank\" rel=\"noopener noreferrer\"><img decoding=\"async\" class=\"aligncenter\" src=\"https:\/\/mascar.it\/wp-content\/uploads\/2020\/10\/pulsante_iscrizione_edp_1-1.png\" \/><\/a><\/p>\n<p style=\"text-align: center;\">Remplissez simplement le formulaire d&rsquo;inscription avec vos donn\u00e9es<\/p>\n<p style=\"text-align: center;\"><strong>La participation est gratuite<\/strong><\/p>\n<p>&nbsp;<\/p>\n<p>Les soci\u00e9t\u00e9s exposantes seront regroup\u00e9es en <strong>14 plan\u00e8tes<\/strong>, chaque plan\u00e8te repr\u00e9sentant un secteur de produits.<\/p>\n<p>Pendant EDP, des \u00e9v\u00e9nements et des s\u00e9minaires auront lieu chaque jour dans la zone sp\u00e9ciale \u00abAgor\u00e0\u00bb.<\/p>\n<p>Pour plus d&rsquo;informations, contactez-nous \u00e0 <strong><a href=\"mailto:info@mascar.it\">info@mascar.it<\/a><\/strong> ou appelez-nous au <strong>(+39) 0444 380180.<\/strong><\/p>\n","protected":false},"excerpt":{"rendered":"<p>La vraie foire de Bologne n&rsquo;a pas \u00e9t\u00e9 annul\u00e9e, mais simplement d\u00e9plac\u00e9e du 3 au 7 f\u00e9vrier 2021. Gr\u00e2ce \u00e0 la plate-forme EDP, vous pouvez visiter le stand virtuel dans le confort de votre PC, smartphone ou tablet. &nbsp; Le stand ressemblera \u00e0 une v\u00e9ritable salle d&rsquo;exposition, o\u00f9 seront pr\u00e9sentes nos machines, les moniteurs \u00e0 [&hellip;]<\/p>\n","protected":false},"author":2,"featured_media":15390,"comment_status":"open","ping_status":"open","sticky":false,"template":"","format":"standard","meta":{"_acf_changed":false,"footnotes":""},"categories":[19],"tags":[],"acf":[],"yoast_head":"<!-- This site is optimized with the Yoast SEO plugin v24.2 - https:\/\/yoast.com\/wordpress\/plugins\/seo\/ -->\n<title>EIMA Digital Preview : le salon directement chez vous -<\/title>\n<meta name=\"description\" content=\"EIMA Digital Preview (EDP) est le premier \u00e9v\u00e9nement en ligne d\u00e9di\u00e9 au monde de la m\u00e9canisation agricole et se d\u00e9roulera du 11 au 15 novembre 2020.\" \/>\n<meta name=\"robots\" content=\"index, follow, max-snippet:-1, max-image-preview:large, max-video-preview:-1\" \/>\n<link rel=\"canonical\" href=\"https:\/\/mascar.it\/fr\/eima-digital-preview-le-salon-directement-chez-vous\/\" \/>\n<meta property=\"og:locale\" content=\"fr_FR\" \/>\n<meta property=\"og:type\" content=\"article\" \/>\n<meta property=\"og:title\" content=\"EIMA Digital Preview : le salon directement chez vous -\" \/>\n<meta property=\"og:description\" content=\"EIMA Digital Preview (EDP) est le premier \u00e9v\u00e9nement en ligne d\u00e9di\u00e9 au monde de la m\u00e9canisation agricole et se d\u00e9roulera du 11 au 15 novembre 2020.\" \/>\n<meta property=\"og:url\" content=\"https:\/\/mascar.it\/fr\/eima-digital-preview-le-salon-directement-chez-vous\/\" \/>\n<meta property=\"og:site_name\" content=\"Mascar\" \/>\n<meta property=\"article:published_time\" content=\"2020-10-20T12:04:57+00:00\" \/>\n<meta property=\"article:modified_time\" content=\"2020-10-20T13:26:45+00:00\" \/>\n<meta property=\"og:image\" content=\"https:\/\/mascar.it\/wp-content\/uploads\/2020\/10\/mascar_news_edp.jpg\" \/>\n\t<meta property=\"og:image:width\" content=\"1000\" \/>\n\t<meta property=\"og:image:height\" content=\"574\" \/>\n\t<meta property=\"og:image:type\" content=\"image\/jpeg\" \/>\n<meta name=\"author\" content=\"mascar\" \/>\n<meta name=\"twitter:card\" content=\"summary_large_image\" \/>\n<meta name=\"twitter:label1\" content=\"\u00c9crit par\" \/>\n\t<meta name=\"twitter:data1\" content=\"mascar\" \/>\n\t<meta name=\"twitter:label2\" content=\"Dur\u00e9e de lecture estim\u00e9e\" \/>\n\t<meta name=\"twitter:data2\" content=\"1 minute\" \/>\n<script type=\"application\/ld+json\" class=\"yoast-schema-graph\">{\"@context\":\"https:\/\/schema.org\",\"@graph\":[{\"@type\":\"WebPage\",\"@id\":\"https:\/\/mascar.it\/fr\/eima-digital-preview-le-salon-directement-chez-vous\/\",\"url\":\"https:\/\/mascar.it\/fr\/eima-digital-preview-le-salon-directement-chez-vous\/\",\"name\":\"EIMA Digital Preview : le salon directement chez vous -\",\"isPartOf\":{\"@id\":\"https:\/\/mascar.it\/#website\"},\"primaryImageOfPage\":{\"@id\":\"https:\/\/mascar.it\/fr\/eima-digital-preview-le-salon-directement-chez-vous\/#primaryimage\"},\"image\":{\"@id\":\"https:\/\/mascar.it\/fr\/eima-digital-preview-le-salon-directement-chez-vous\/#primaryimage\"},\"thumbnailUrl\":\"https:\/\/mascar.it\/wp-content\/uploads\/2020\/10\/mascar_news_edp.jpg\",\"datePublished\":\"2020-10-20T12:04:57+00:00\",\"dateModified\":\"2020-10-20T13:26:45+00:00\",\"author\":{\"@id\":\"https:\/\/mascar.it\/#\/schema\/person\/e50245fd23c56c2ac42aec3676dd5380\"},\"description\":\"EIMA Digital Preview (EDP) est le premier \u00e9v\u00e9nement en ligne d\u00e9di\u00e9 au monde de la m\u00e9canisation agricole et se d\u00e9roulera du 11 au 15 novembre 2020.\",\"breadcrumb\":{\"@id\":\"https:\/\/mascar.it\/fr\/eima-digital-preview-le-salon-directement-chez-vous\/#breadcrumb\"},\"inLanguage\":\"fr-FR\",\"potentialAction\":[{\"@type\":\"ReadAction\",\"target\":[\"https:\/\/mascar.it\/fr\/eima-digital-preview-le-salon-directement-chez-vous\/\"]}]},{\"@type\":\"ImageObject\",\"inLanguage\":\"fr-FR\",\"@id\":\"https:\/\/mascar.it\/fr\/eima-digital-preview-le-salon-directement-chez-vous\/#primaryimage\",\"url\":\"https:\/\/mascar.it\/wp-content\/uploads\/2020\/10\/mascar_news_edp.jpg\",\"contentUrl\":\"https:\/\/mascar.it\/wp-content\/uploads\/2020\/10\/mascar_news_edp.jpg\",\"width\":1000,\"height\":574},{\"@type\":\"BreadcrumbList\",\"@id\":\"https:\/\/mascar.it\/fr\/eima-digital-preview-le-salon-directement-chez-vous\/#breadcrumb\",\"itemListElement\":[{\"@type\":\"ListItem\",\"position\":1,\"name\":\"Home\",\"item\":\"https:\/\/mascar.it\/fr\/\"},{\"@type\":\"ListItem\",\"position\":2,\"name\":\"EIMA Digital Preview : le salon directement chez vous\"}]},{\"@type\":\"WebSite\",\"@id\":\"https:\/\/mascar.it\/#website\",\"url\":\"https:\/\/mascar.it\/\",\"name\":\"Mascar\",\"description\":\"manufacturer of agricultural machines\",\"potentialAction\":[{\"@type\":\"SearchAction\",\"target\":{\"@type\":\"EntryPoint\",\"urlTemplate\":\"https:\/\/mascar.it\/?s={search_term_string}\"},\"query-input\":{\"@type\":\"PropertyValueSpecification\",\"valueRequired\":true,\"valueName\":\"search_term_string\"}}],\"inLanguage\":\"fr-FR\"},{\"@type\":\"Person\",\"@id\":\"https:\/\/mascar.it\/#\/schema\/person\/e50245fd23c56c2ac42aec3676dd5380\",\"name\":\"mascar\",\"image\":{\"@type\":\"ImageObject\",\"inLanguage\":\"fr-FR\",\"@id\":\"https:\/\/mascar.it\/#\/schema\/person\/image\/\",\"url\":\"https:\/\/secure.gravatar.com\/avatar\/250e12bd4d02f92fd90faef2c78abcb4?s=96&d=mm&r=g\",\"contentUrl\":\"https:\/\/secure.gravatar.com\/avatar\/250e12bd4d02f92fd90faef2c78abcb4?s=96&d=mm&r=g\",\"caption\":\"mascar\"},\"url\":\"https:\/\/mascar.it\/fr\/author\/mascar\/\"}]}<\/script>\n<!-- \/ Yoast SEO plugin. -->","yoast_head_json":{"title":"EIMA Digital Preview : le salon directement chez vous -","description":"EIMA Digital Preview (EDP) est le premier \u00e9v\u00e9nement en ligne d\u00e9di\u00e9 au monde de la m\u00e9canisation agricole et se d\u00e9roulera du 11 au 15 novembre 2020.","robots":{"index":"index","follow":"follow","max-snippet":"max-snippet:-1","max-image-preview":"max-image-preview:large","max-video-preview":"max-video-preview:-1"},"canonical":"https:\/\/mascar.it\/fr\/eima-digital-preview-le-salon-directement-chez-vous\/","og_locale":"fr_FR","og_type":"article","og_title":"EIMA Digital Preview : le salon directement chez vous -","og_description":"EIMA Digital Preview (EDP) est le premier \u00e9v\u00e9nement en ligne d\u00e9di\u00e9 au monde de la m\u00e9canisation agricole et se d\u00e9roulera du 11 au 15 novembre 2020.","og_url":"https:\/\/mascar.it\/fr\/eima-digital-preview-le-salon-directement-chez-vous\/","og_site_name":"Mascar","article_published_time":"2020-10-20T12:04:57+00:00","article_modified_time":"2020-10-20T13:26:45+00:00","og_image":[{"width":1000,"height":574,"url":"https:\/\/mascar.it\/wp-content\/uploads\/2020\/10\/mascar_news_edp.jpg","type":"image\/jpeg"}],"author":"mascar","twitter_card":"summary_large_image","twitter_misc":{"\u00c9crit par":"mascar","Dur\u00e9e de lecture estim\u00e9e":"1 minute"},"schema":{"@context":"https:\/\/schema.org","@graph":[{"@type":"WebPage","@id":"https:\/\/mascar.it\/fr\/eima-digital-preview-le-salon-directement-chez-vous\/","url":"https:\/\/mascar.it\/fr\/eima-digital-preview-le-salon-directement-chez-vous\/","name":"EIMA Digital Preview : le salon directement chez vous -","isPartOf":{"@id":"https:\/\/mascar.it\/#website"},"primaryImageOfPage":{"@id":"https:\/\/mascar.it\/fr\/eima-digital-preview-le-salon-directement-chez-vous\/#primaryimage"},"image":{"@id":"https:\/\/mascar.it\/fr\/eima-digital-preview-le-salon-directement-chez-vous\/#primaryimage"},"thumbnailUrl":"https:\/\/mascar.it\/wp-content\/uploads\/2020\/10\/mascar_news_edp.jpg","datePublished":"2020-10-20T12:04:57+00:00","dateModified":"2020-10-20T13:26:45+00:00","author":{"@id":"https:\/\/mascar.it\/#\/schema\/person\/e50245fd23c56c2ac42aec3676dd5380"},"description":"EIMA Digital Preview (EDP) est le premier \u00e9v\u00e9nement en ligne d\u00e9di\u00e9 au monde de la m\u00e9canisation agricole et se d\u00e9roulera du 11 au 15 novembre 2020.","breadcrumb":{"@id":"https:\/\/mascar.it\/fr\/eima-digital-preview-le-salon-directement-chez-vous\/#breadcrumb"},"inLanguage":"fr-FR","potentialAction":[{"@type":"ReadAction","target":["https:\/\/mascar.it\/fr\/eima-digital-preview-le-salon-directement-chez-vous\/"]}]},{"@type":"ImageObject","inLanguage":"fr-FR","@id":"https:\/\/mascar.it\/fr\/eima-digital-preview-le-salon-directement-chez-vous\/#primaryimage","url":"https:\/\/mascar.it\/wp-content\/uploads\/2020\/10\/mascar_news_edp.jpg","contentUrl":"https:\/\/mascar.it\/wp-content\/uploads\/2020\/10\/mascar_news_edp.jpg","width":1000,"height":574},{"@type":"BreadcrumbList","@id":"https:\/\/mascar.it\/fr\/eima-digital-preview-le-salon-directement-chez-vous\/#breadcrumb","itemListElement":[{"@type":"ListItem","position":1,"name":"Home","item":"https:\/\/mascar.it\/fr\/"},{"@type":"ListItem","position":2,"name":"EIMA Digital Preview : le salon directement chez vous"}]},{"@type":"WebSite","@id":"https:\/\/mascar.it\/#website","url":"https:\/\/mascar.it\/","name":"Mascar","description":"manufacturer of agricultural machines","potentialAction":[{"@type":"SearchAction","target":{"@type":"EntryPoint","urlTemplate":"https:\/\/mascar.it\/?s={search_term_string}"},"query-input":{"@type":"PropertyValueSpecification","valueRequired":true,"valueName":"search_term_string"}}],"inLanguage":"fr-FR"},{"@type":"Person","@id":"https:\/\/mascar.it\/#\/schema\/person\/e50245fd23c56c2ac42aec3676dd5380","name":"mascar","image":{"@type":"ImageObject","inLanguage":"fr-FR","@id":"https:\/\/mascar.it\/#\/schema\/person\/image\/","url":"https:\/\/secure.gravatar.com\/avatar\/250e12bd4d02f92fd90faef2c78abcb4?s=96&d=mm&r=g","contentUrl":"https:\/\/secure.gravatar.com\/avatar\/250e12bd4d02f92fd90faef2c78abcb4?s=96&d=mm&r=g","caption":"mascar"},"url":"https:\/\/mascar.it\/fr\/author\/mascar\/"}]}},"_links":{"self":[{"href":"https:\/\/mascar.it\/fr\/wp-json\/wp\/v2\/posts\/15422"}],"collection":[{"href":"https:\/\/mascar.it\/fr\/wp-json\/wp\/v2\/posts"}],"about":[{"href":"https:\/\/mascar.it\/fr\/wp-json\/wp\/v2\/types\/post"}],"author":[{"embeddable":true,"href":"https:\/\/mascar.it\/fr\/wp-json\/wp\/v2\/users\/2"}],"replies":[{"embeddable":true,"href":"https:\/\/mascar.it\/fr\/wp-json\/wp\/v2\/comments?post=15422"}],"version-history":[{"count":4,"href":"https:\/\/mascar.it\/fr\/wp-json\/wp\/v2\/posts\/15422\/revisions"}],"predecessor-version":[{"id":15444,"href":"https:\/\/mascar.it\/fr\/wp-json\/wp\/v2\/posts\/15422\/revisions\/15444"}],"wp:featuredmedia":[{"embeddable":true,"href":"https:\/\/mascar.it\/fr\/wp-json\/wp\/v2\/media\/15390"}],"wp:attachment":[{"href":"https:\/\/mascar.it\/fr\/wp-json\/wp\/v2\/media?parent=15422"}],"wp:term":[{"taxonomy":"category","embeddable":true,"href":"https:\/\/mascar.it\/fr\/wp-json\/wp\/v2\/categories?post=15422"},{"taxonomy":"post_tag","embeddable":true,"href":"https:\/\/mascar.it\/fr\/wp-json\/wp\/v2\/tags?post=15422"}],"curies":[{"name":"wp","href":"https:\/\/api.w.org\/{rel}","templated":true}]}}