{"id":9286,"date":"2017-11-02T13:36:56","date_gmt":"2017-11-02T12:36:56","guid":{"rendered":"https:\/\/mascar.it\/?p=9286\/"},"modified":"2017-11-02T13:38:35","modified_gmt":"2017-11-02T12:38:35","slug":"nouvelle-presse-a-chambre-fixe-mascar-corsa-420","status":"publish","type":"post","link":"https:\/\/mascar.it\/fr\/nouvelle-presse-a-chambre-fixe-mascar-corsa-420\/","title":{"rendered":"Nouvelle presse \u00e0 chambre fixe Mascar Corsa 420"},"content":{"rendered":"<p>La presse Corsa 420 est \u00e0 <strong>chambre fixe<\/strong> avec <strong>syst\u00e8me de pressage \u00e0 barrette<\/strong>, pens\u00e9 pour \u00eatre utilis\u00e9e \u00e0 basse puissance.<\/p>\n<p>La Corsa 420 de chez Mascar est extr\u00eamement polyvalente et encore plus efficace que son pr\u00e9d\u00e9cesseur, gr\u00e2ce aux nouvelles solutions techniques permettant de r\u00e9duire les co\u00fbts de gestion et de manutention.<\/p>\n<p>L\u2019extr\u00eame simplicit\u00e9 et la qualit\u00e9 de construction rendent cette presse \u00e0 chambre fixe robuste et extr\u00eamement fiable, la taille compacte et le poids l\u00e9ger lui permettent de travailler sur des espaces restreints et en pente.<\/p>\n<p>Les largeurs de ramassage du <strong>pick-up disponibles sont de 170 cm et 200 cm (concernant la version L)<\/strong>, effectue une alimentation continue du produit \u00e0 travers l\u2019ameneur alternatif \u00e0 l\u2019int\u00e9rieur de la chambre de pressage, qui a \u00e9t\u00e9 con\u00e7u et renouveler afin de limiter les pertes de produits.<\/p>\n<p>Le syst\u00e8me \u00e0 cha\u00eene et barrette permet et assure la rotation du produit de fa\u00e7on imm\u00e9diate, ceci permet de contr\u00f4ler et d\u2019obtenir un pressage de grande fiabilit\u00e9 et qualit\u00e9 qu\u2019il s\u2019agisse d\u2019ensilage, de paille ou de foin.<\/p>\n<p><img decoding=\"async\" src=\"https:\/\/mascar.it\/wp-content\/uploads\/2017\/11\/Mascar_Corsa_news_2.jpg\" alt=\"Mascar Corsa 420\" \/><\/p>\n<p>Le liage de la nouvelle Corsa 420 \u00e0 chambre fixe peut \u00eatre par<strong> filet et\/ou ficelle<\/strong> situ\u00e9es en position confortable pour l\u2019op\u00e9rateur, tout en garantissant l\u2019extr\u00eame qualit\u00e9 du r\u00e9sultat final.<\/p>\n<p>Il est possible, bien \u00e9videmment, selon la demande sp\u00e9cifique du client la personnalisation de la presse en choisissant les accessoires en fonction des exigences de travail.<\/p>\n<p>Parmi ces diff\u00e9rents choix d\u2019accessoires, nous proposons trois diff\u00e9rentes unit\u00e9s de contr\u00f4le \u00e9lectronique du liage, le client pourra choisir les roues du pick-up fixe ou r\u00e9glables (en caoutchouc ou en fer) dans le but d\u2019\u00e9quiper convenablement la presse \u00e0 chambre fixe mod\u00e8le Corsa 420 \u00e0 affronter tout type de sol en choisissant parmi les trois diff\u00e9rentes tailles de pneumatiques disponibles.<\/p>\n<p>RDV \u00e0 l\u2019adresse internet suivante <strong><a href=\"https:\/\/mascar.it\/fr\/p\/corsa\/\" target=\"_blank\" rel=\"noopener\"><span style=\"color: #ff0000;\">www.mascar.it\/corsa\/<\/span><\/a><\/strong> afin de pouvoir vous renseigner sur les donn\u00e9es techniques de la machines, pouvoir t\u00e9l\u00e9charger la brochure et donner un coup d\u2019\u0153il aux diff\u00e9rentes photos illustratives.<\/p>\n","protected":false},"excerpt":{"rendered":"<p>La presse Corsa 420 est \u00e0 chambre fixe avec syst\u00e8me de pressage \u00e0 barrette, pens\u00e9 pour \u00eatre utilis\u00e9e \u00e0 basse puissance. La Corsa 420 de chez Mascar est extr\u00eamement polyvalente et encore plus efficace que son pr\u00e9d\u00e9cesseur, gr\u00e2ce aux nouvelles solutions techniques permettant de r\u00e9duire les co\u00fbts de gestion et de manutention. L\u2019extr\u00eame simplicit\u00e9 et [&hellip;]<\/p>\n","protected":false},"author":2,"featured_media":9267,"comment_status":"open","ping_status":"open","sticky":false,"template":"","format":"standard","meta":{"_acf_changed":false,"footnotes":""},"categories":[4],"tags":[],"acf":[],"yoast_head":"<!-- This site is optimized with the Yoast SEO plugin v24.2 - https:\/\/yoast.com\/wordpress\/plugins\/seo\/ -->\n<title>Nouvelle presse \u00e0 chambre fixe Mascar Corsa 420<\/title>\n<meta name=\"description\" content=\"La presse \u00e0 chambre fixe s\u00e9rie Corsa a \u00e9t\u00e9 renouvel\u00e9e tout en continuant d\u2019allier fiabilit\u00e9, faible consommation de carburant et extr\u00eame polyvalence.\" \/>\n<meta name=\"robots\" content=\"index, follow, max-snippet:-1, max-image-preview:large, max-video-preview:-1\" \/>\n<link rel=\"canonical\" href=\"https:\/\/mascar.it\/new-fixed-chamber-round-baler-mascar-corsa-420\/\" \/>\n<meta property=\"og:locale\" content=\"fr_FR\" \/>\n<meta property=\"og:type\" content=\"article\" \/>\n<meta property=\"og:title\" content=\"Nouvelle presse \u00e0 chambre fixe Mascar Corsa 420\" \/>\n<meta property=\"og:description\" content=\"La presse \u00e0 chambre fixe s\u00e9rie Corsa a \u00e9t\u00e9 renouvel\u00e9e tout en continuant d\u2019allier fiabilit\u00e9, faible consommation de carburant et extr\u00eame polyvalence.\" \/>\n<meta property=\"og:url\" content=\"https:\/\/mascar.it\/new-fixed-chamber-round-baler-mascar-corsa-420\/\" \/>\n<meta property=\"og:site_name\" content=\"Mascar\" \/>\n<meta property=\"article:published_time\" content=\"2017-11-02T12:36:56+00:00\" \/>\n<meta property=\"article:modified_time\" content=\"2017-11-02T12:38:35+00:00\" \/>\n<meta property=\"og:image\" content=\"https:\/\/mascar.it\/wp-content\/uploads\/2017\/11\/Mascar_Corsa_news_1a.jpg\" \/>\n\t<meta property=\"og:image:width\" content=\"1000\" \/>\n\t<meta property=\"og:image:height\" content=\"574\" \/>\n\t<meta property=\"og:image:type\" content=\"image\/jpeg\" \/>\n<meta name=\"author\" content=\"mascar\" \/>\n<meta name=\"twitter:card\" content=\"summary_large_image\" \/>\n<meta name=\"twitter:label1\" content=\"\u00c9crit par\" \/>\n\t<meta name=\"twitter:data1\" content=\"mascar\" \/>\n\t<meta name=\"twitter:label2\" content=\"Dur\u00e9e de lecture estim\u00e9e\" \/>\n\t<meta name=\"twitter:data2\" content=\"2 minutes\" \/>\n<script type=\"application\/ld+json\" class=\"yoast-schema-graph\">{\"@context\":\"https:\/\/schema.org\",\"@graph\":[{\"@type\":\"WebPage\",\"@id\":\"https:\/\/mascar.it\/new-fixed-chamber-round-baler-mascar-corsa-420\/\",\"url\":\"https:\/\/mascar.it\/new-fixed-chamber-round-baler-mascar-corsa-420\/\",\"name\":\"Nouvelle presse \u00e0 chambre fixe Mascar Corsa 420\",\"isPartOf\":{\"@id\":\"https:\/\/mascar.it\/#website\"},\"primaryImageOfPage\":{\"@id\":\"https:\/\/mascar.it\/new-fixed-chamber-round-baler-mascar-corsa-420\/#primaryimage\"},\"image\":{\"@id\":\"https:\/\/mascar.it\/new-fixed-chamber-round-baler-mascar-corsa-420\/#primaryimage\"},\"thumbnailUrl\":\"https:\/\/mascar.it\/wp-content\/uploads\/2017\/11\/Mascar_Corsa_news_1a.jpg\",\"datePublished\":\"2017-11-02T12:36:56+00:00\",\"dateModified\":\"2017-11-02T12:38:35+00:00\",\"author\":{\"@id\":\"https:\/\/mascar.it\/#\/schema\/person\/e50245fd23c56c2ac42aec3676dd5380\"},\"description\":\"La presse \u00e0 chambre fixe s\u00e9rie Corsa a \u00e9t\u00e9 renouvel\u00e9e tout en continuant d\u2019allier fiabilit\u00e9, faible consommation de carburant et extr\u00eame polyvalence.\",\"breadcrumb\":{\"@id\":\"https:\/\/mascar.it\/new-fixed-chamber-round-baler-mascar-corsa-420\/#breadcrumb\"},\"inLanguage\":\"fr-FR\",\"potentialAction\":[{\"@type\":\"ReadAction\",\"target\":[\"https:\/\/mascar.it\/new-fixed-chamber-round-baler-mascar-corsa-420\/\"]}]},{\"@type\":\"ImageObject\",\"inLanguage\":\"fr-FR\",\"@id\":\"https:\/\/mascar.it\/new-fixed-chamber-round-baler-mascar-corsa-420\/#primaryimage\",\"url\":\"https:\/\/mascar.it\/wp-content\/uploads\/2017\/11\/Mascar_Corsa_news_1a.jpg\",\"contentUrl\":\"https:\/\/mascar.it\/wp-content\/uploads\/2017\/11\/Mascar_Corsa_news_1a.jpg\",\"width\":1000,\"height\":574},{\"@type\":\"BreadcrumbList\",\"@id\":\"https:\/\/mascar.it\/new-fixed-chamber-round-baler-mascar-corsa-420\/#breadcrumb\",\"itemListElement\":[{\"@type\":\"ListItem\",\"position\":1,\"name\":\"Home\",\"item\":\"https:\/\/mascar.it\/fr\/\"},{\"@type\":\"ListItem\",\"position\":2,\"name\":\"Nouvelle presse \u00e0 chambre fixe Mascar Corsa 420\"}]},{\"@type\":\"WebSite\",\"@id\":\"https:\/\/mascar.it\/#website\",\"url\":\"https:\/\/mascar.it\/\",\"name\":\"Mascar\",\"description\":\"manufacturer of agricultural machines\",\"potentialAction\":[{\"@type\":\"SearchAction\",\"target\":{\"@type\":\"EntryPoint\",\"urlTemplate\":\"https:\/\/mascar.it\/?s={search_term_string}\"},\"query-input\":{\"@type\":\"PropertyValueSpecification\",\"valueRequired\":true,\"valueName\":\"search_term_string\"}}],\"inLanguage\":\"fr-FR\"},{\"@type\":\"Person\",\"@id\":\"https:\/\/mascar.it\/#\/schema\/person\/e50245fd23c56c2ac42aec3676dd5380\",\"name\":\"mascar\",\"image\":{\"@type\":\"ImageObject\",\"inLanguage\":\"fr-FR\",\"@id\":\"https:\/\/mascar.it\/#\/schema\/person\/image\/\",\"url\":\"https:\/\/secure.gravatar.com\/avatar\/250e12bd4d02f92fd90faef2c78abcb4?s=96&d=mm&r=g\",\"contentUrl\":\"https:\/\/secure.gravatar.com\/avatar\/250e12bd4d02f92fd90faef2c78abcb4?s=96&d=mm&r=g\",\"caption\":\"mascar\"},\"url\":\"https:\/\/mascar.it\/fr\/author\/mascar\/\"}]}<\/script>\n<!-- \/ Yoast SEO plugin. -->","yoast_head_json":{"title":"Nouvelle presse \u00e0 chambre fixe Mascar Corsa 420","description":"La presse \u00e0 chambre fixe s\u00e9rie Corsa a \u00e9t\u00e9 renouvel\u00e9e tout en continuant d\u2019allier fiabilit\u00e9, faible consommation de carburant et extr\u00eame polyvalence.","robots":{"index":"index","follow":"follow","max-snippet":"max-snippet:-1","max-image-preview":"max-image-preview:large","max-video-preview":"max-video-preview:-1"},"canonical":"https:\/\/mascar.it\/new-fixed-chamber-round-baler-mascar-corsa-420\/","og_locale":"fr_FR","og_type":"article","og_title":"Nouvelle presse \u00e0 chambre fixe Mascar Corsa 420","og_description":"La presse \u00e0 chambre fixe s\u00e9rie Corsa a \u00e9t\u00e9 renouvel\u00e9e tout en continuant d\u2019allier fiabilit\u00e9, faible consommation de carburant et extr\u00eame polyvalence.","og_url":"https:\/\/mascar.it\/new-fixed-chamber-round-baler-mascar-corsa-420\/","og_site_name":"Mascar","article_published_time":"2017-11-02T12:36:56+00:00","article_modified_time":"2017-11-02T12:38:35+00:00","og_image":[{"width":1000,"height":574,"url":"https:\/\/mascar.it\/wp-content\/uploads\/2017\/11\/Mascar_Corsa_news_1a.jpg","type":"image\/jpeg"}],"author":"mascar","twitter_card":"summary_large_image","twitter_misc":{"\u00c9crit par":"mascar","Dur\u00e9e de lecture estim\u00e9e":"2 minutes"},"schema":{"@context":"https:\/\/schema.org","@graph":[{"@type":"WebPage","@id":"https:\/\/mascar.it\/new-fixed-chamber-round-baler-mascar-corsa-420\/","url":"https:\/\/mascar.it\/new-fixed-chamber-round-baler-mascar-corsa-420\/","name":"Nouvelle presse \u00e0 chambre fixe Mascar Corsa 420","isPartOf":{"@id":"https:\/\/mascar.it\/#website"},"primaryImageOfPage":{"@id":"https:\/\/mascar.it\/new-fixed-chamber-round-baler-mascar-corsa-420\/#primaryimage"},"image":{"@id":"https:\/\/mascar.it\/new-fixed-chamber-round-baler-mascar-corsa-420\/#primaryimage"},"thumbnailUrl":"https:\/\/mascar.it\/wp-content\/uploads\/2017\/11\/Mascar_Corsa_news_1a.jpg","datePublished":"2017-11-02T12:36:56+00:00","dateModified":"2017-11-02T12:38:35+00:00","author":{"@id":"https:\/\/mascar.it\/#\/schema\/person\/e50245fd23c56c2ac42aec3676dd5380"},"description":"La presse \u00e0 chambre fixe s\u00e9rie Corsa a \u00e9t\u00e9 renouvel\u00e9e tout en continuant d\u2019allier fiabilit\u00e9, faible consommation de carburant et extr\u00eame polyvalence.","breadcrumb":{"@id":"https:\/\/mascar.it\/new-fixed-chamber-round-baler-mascar-corsa-420\/#breadcrumb"},"inLanguage":"fr-FR","potentialAction":[{"@type":"ReadAction","target":["https:\/\/mascar.it\/new-fixed-chamber-round-baler-mascar-corsa-420\/"]}]},{"@type":"ImageObject","inLanguage":"fr-FR","@id":"https:\/\/mascar.it\/new-fixed-chamber-round-baler-mascar-corsa-420\/#primaryimage","url":"https:\/\/mascar.it\/wp-content\/uploads\/2017\/11\/Mascar_Corsa_news_1a.jpg","contentUrl":"https:\/\/mascar.it\/wp-content\/uploads\/2017\/11\/Mascar_Corsa_news_1a.jpg","width":1000,"height":574},{"@type":"BreadcrumbList","@id":"https:\/\/mascar.it\/new-fixed-chamber-round-baler-mascar-corsa-420\/#breadcrumb","itemListElement":[{"@type":"ListItem","position":1,"name":"Home","item":"https:\/\/mascar.it\/fr\/"},{"@type":"ListItem","position":2,"name":"Nouvelle presse \u00e0 chambre fixe Mascar Corsa 420"}]},{"@type":"WebSite","@id":"https:\/\/mascar.it\/#website","url":"https:\/\/mascar.it\/","name":"Mascar","description":"manufacturer of agricultural machines","potentialAction":[{"@type":"SearchAction","target":{"@type":"EntryPoint","urlTemplate":"https:\/\/mascar.it\/?s={search_term_string}"},"query-input":{"@type":"PropertyValueSpecification","valueRequired":true,"valueName":"search_term_string"}}],"inLanguage":"fr-FR"},{"@type":"Person","@id":"https:\/\/mascar.it\/#\/schema\/person\/e50245fd23c56c2ac42aec3676dd5380","name":"mascar","image":{"@type":"ImageObject","inLanguage":"fr-FR","@id":"https:\/\/mascar.it\/#\/schema\/person\/image\/","url":"https:\/\/secure.gravatar.com\/avatar\/250e12bd4d02f92fd90faef2c78abcb4?s=96&d=mm&r=g","contentUrl":"https:\/\/secure.gravatar.com\/avatar\/250e12bd4d02f92fd90faef2c78abcb4?s=96&d=mm&r=g","caption":"mascar"},"url":"https:\/\/mascar.it\/fr\/author\/mascar\/"}]}},"_links":{"self":[{"href":"https:\/\/mascar.it\/fr\/wp-json\/wp\/v2\/posts\/9286"}],"collection":[{"href":"https:\/\/mascar.it\/fr\/wp-json\/wp\/v2\/posts"}],"about":[{"href":"https:\/\/mascar.it\/fr\/wp-json\/wp\/v2\/types\/post"}],"author":[{"embeddable":true,"href":"https:\/\/mascar.it\/fr\/wp-json\/wp\/v2\/users\/2"}],"replies":[{"embeddable":true,"href":"https:\/\/mascar.it\/fr\/wp-json\/wp\/v2\/comments?post=9286"}],"version-history":[{"count":4,"href":"https:\/\/mascar.it\/fr\/wp-json\/wp\/v2\/posts\/9286\/revisions"}],"predecessor-version":[{"id":9290,"href":"https:\/\/mascar.it\/fr\/wp-json\/wp\/v2\/posts\/9286\/revisions\/9290"}],"wp:featuredmedia":[{"embeddable":true,"href":"https:\/\/mascar.it\/fr\/wp-json\/wp\/v2\/media\/9267"}],"wp:attachment":[{"href":"https:\/\/mascar.it\/fr\/wp-json\/wp\/v2\/media?parent=9286"}],"wp:term":[{"taxonomy":"category","embeddable":true,"href":"https:\/\/mascar.it\/fr\/wp-json\/wp\/v2\/categories?post=9286"},{"taxonomy":"post_tag","embeddable":true,"href":"https:\/\/mascar.it\/fr\/wp-json\/wp\/v2\/tags?post=9286"}],"curies":[{"name":"wp","href":"https:\/\/api.w.org\/{rel}","templated":true}]}}