{"id":14185,"date":"2019-05-16T11:13:04","date_gmt":"2019-05-16T09:13:04","guid":{"rendered":"https:\/\/mascar.it\/?p=14185"},"modified":"2021-11-24T09:26:24","modified_gmt":"2021-11-24T08:26:24","slug":"mascar-partecipera-al-salon-de-lherbe-et-des-fourrages-2019","status":"publish","type":"post","link":"https:\/\/mascar.it\/it\/mascar-partecipera-al-salon-de-lherbe-et-des-fourrages-2019\/","title":{"rendered":"Salon de l\u2019Herbe et des Fourrages 2019"},"content":{"rendered":"<p>Allo stand n. 31 porteremo la rotopressa a camera variabile <strong>Monster 770 CUT PLUS<\/strong> e il <strong>fasciatore trainato 3100S<\/strong> con l\u2019innovativo sistema di fasciatura a doppio stendifilm \u201c<strong>Dual<\/strong>\u201d, eccellenti rappresentanti della nostra gamma dedicata alla fienagione.<\/p>\n<p>Il Salon de l\u2019Herbe et des fourrages \u00e8 diventato negli anni una delle pi\u00f9 importanti manifestazioni fieristiche che vede come protagoniste tutte le colture foraggere e che pu\u00f2 contare su 30 ettari di terreno per l\u2019esposizione e le prove in campo.<\/p>\n<p>All\u2019evento saranno presenti 170 brand internazionali, ma non si tratta solo di una fiera dedicata ai macchinari per la fienagione, troverete anche prodotti, esposizione di piante, seminari, workshop e conferenze che arricchiranno il programma.<\/p>\n<p>Importante segnalare che il percorso ottimizzato garantir\u00e0 al visitatore la visione di tutte le attrattive dell\u2019esposizione in un solo giorno.<\/p>\n<p>Maggiori informazioni le potete trovare cliccando qui: <a href=\"https:\/\/www.salonherbe.com\/\" target=\"_blank\" rel=\"noopener noreferrer\"><strong>Sito ufficiale Salon de l&#8217;Herbe<\/strong><\/a><\/p>\n","protected":false},"excerpt":{"rendered":"<p>Allo stand n. 31 porteremo la rotopressa a camera variabile Monster 770 CUT PLUS e il fasciatore trainato 3100S con l\u2019innovativo sistema di fasciatura a doppio stendifilm \u201cDual\u201d, eccellenti rappresentanti della nostra gamma dedicata alla fienagione. Il Salon de l\u2019Herbe et des fourrages \u00e8 diventato negli anni una delle pi\u00f9 importanti manifestazioni fieristiche che vede [&hellip;]<\/p>\n","protected":false},"author":2,"featured_media":14182,"comment_status":"open","ping_status":"open","sticky":false,"template":"","format":"standard","meta":{"_acf_changed":false,"footnotes":""},"categories":[17],"tags":[],"acf":[],"yoast_head":"<!-- This site is optimized with the Yoast SEO plugin v24.2 - https:\/\/yoast.com\/wordpress\/plugins\/seo\/ -->\n<title>Mascar parteciper\u00e0 al Salon de l\u2019Herbe et des Fourrages 2019<\/title>\n<meta name=\"description\" content=\"Mascar parteciper\u00e0 al Salon de l\u2019Herbe et des Fourrages, la fiera-evento che si svolger\u00e0 totalmente in campo il 5-6 giungno 2019, Villefranche d\u2019Allier\" \/>\n<meta name=\"robots\" content=\"index, follow, max-snippet:-1, max-image-preview:large, max-video-preview:-1\" \/>\n<link rel=\"canonical\" href=\"https:\/\/mascar.it\/it\/mascar-partecipera-al-salon-de-lherbe-et-des-fourrages-2019\/\" \/>\n<meta property=\"og:locale\" content=\"it_IT\" \/>\n<meta property=\"og:type\" content=\"article\" \/>\n<meta property=\"og:title\" content=\"Mascar parteciper\u00e0 al Salon de l\u2019Herbe et des Fourrages 2019\" \/>\n<meta property=\"og:description\" content=\"Mascar parteciper\u00e0 al Salon de l\u2019Herbe et des Fourrages, la fiera-evento che si svolger\u00e0 totalmente in campo il 5-6 giungno 2019, Villefranche d\u2019Allier\" \/>\n<meta property=\"og:url\" content=\"https:\/\/mascar.it\/it\/mascar-partecipera-al-salon-de-lherbe-et-des-fourrages-2019\/\" \/>\n<meta property=\"og:site_name\" content=\"Mascar\" \/>\n<meta property=\"article:published_time\" content=\"2019-05-16T09:13:04+00:00\" \/>\n<meta property=\"article:modified_time\" content=\"2021-11-24T08:26:24+00:00\" \/>\n<meta property=\"og:image\" content=\"https:\/\/mascar.it\/wp-content\/uploads\/2019\/05\/MG_2149a.jpg\" \/>\n\t<meta property=\"og:image:width\" content=\"1000\" \/>\n\t<meta property=\"og:image:height\" content=\"574\" \/>\n\t<meta property=\"og:image:type\" content=\"image\/jpeg\" \/>\n<meta name=\"author\" content=\"mascar\" \/>\n<meta name=\"twitter:card\" content=\"summary_large_image\" \/>\n<meta name=\"twitter:label1\" content=\"Scritto da\" \/>\n\t<meta name=\"twitter:data1\" content=\"mascar\" \/>\n\t<meta name=\"twitter:label2\" content=\"Tempo di lettura stimato\" \/>\n\t<meta name=\"twitter:data2\" content=\"1 minuto\" \/>\n<script type=\"application\/ld+json\" class=\"yoast-schema-graph\">{\"@context\":\"https:\/\/schema.org\",\"@graph\":[{\"@type\":\"WebPage\",\"@id\":\"https:\/\/mascar.it\/it\/mascar-partecipera-al-salon-de-lherbe-et-des-fourrages-2019\/\",\"url\":\"https:\/\/mascar.it\/it\/mascar-partecipera-al-salon-de-lherbe-et-des-fourrages-2019\/\",\"name\":\"Mascar parteciper\u00e0 al Salon de l\u2019Herbe et des Fourrages 2019\",\"isPartOf\":{\"@id\":\"https:\/\/mascar.it\/#website\"},\"primaryImageOfPage\":{\"@id\":\"https:\/\/mascar.it\/it\/mascar-partecipera-al-salon-de-lherbe-et-des-fourrages-2019\/#primaryimage\"},\"image\":{\"@id\":\"https:\/\/mascar.it\/it\/mascar-partecipera-al-salon-de-lherbe-et-des-fourrages-2019\/#primaryimage\"},\"thumbnailUrl\":\"https:\/\/mascar.it\/wp-content\/uploads\/2019\/05\/MG_2149a.jpg\",\"datePublished\":\"2019-05-16T09:13:04+00:00\",\"dateModified\":\"2021-11-24T08:26:24+00:00\",\"author\":{\"@id\":\"https:\/\/mascar.it\/#\/schema\/person\/e50245fd23c56c2ac42aec3676dd5380\"},\"description\":\"Mascar parteciper\u00e0 al Salon de l\u2019Herbe et des Fourrages, la fiera-evento che si svolger\u00e0 totalmente in campo il 5-6 giungno 2019, Villefranche d\u2019Allier\",\"breadcrumb\":{\"@id\":\"https:\/\/mascar.it\/it\/mascar-partecipera-al-salon-de-lherbe-et-des-fourrages-2019\/#breadcrumb\"},\"inLanguage\":\"it-IT\",\"potentialAction\":[{\"@type\":\"ReadAction\",\"target\":[\"https:\/\/mascar.it\/it\/mascar-partecipera-al-salon-de-lherbe-et-des-fourrages-2019\/\"]}]},{\"@type\":\"ImageObject\",\"inLanguage\":\"it-IT\",\"@id\":\"https:\/\/mascar.it\/it\/mascar-partecipera-al-salon-de-lherbe-et-des-fourrages-2019\/#primaryimage\",\"url\":\"https:\/\/mascar.it\/wp-content\/uploads\/2019\/05\/MG_2149a.jpg\",\"contentUrl\":\"https:\/\/mascar.it\/wp-content\/uploads\/2019\/05\/MG_2149a.jpg\",\"width\":1000,\"height\":574},{\"@type\":\"BreadcrumbList\",\"@id\":\"https:\/\/mascar.it\/it\/mascar-partecipera-al-salon-de-lherbe-et-des-fourrages-2019\/#breadcrumb\",\"itemListElement\":[{\"@type\":\"ListItem\",\"position\":1,\"name\":\"Home\",\"item\":\"https:\/\/mascar.it\/it\/\"},{\"@type\":\"ListItem\",\"position\":2,\"name\":\"Salon de l\u2019Herbe et des Fourrages 2019\"}]},{\"@type\":\"WebSite\",\"@id\":\"https:\/\/mascar.it\/#website\",\"url\":\"https:\/\/mascar.it\/\",\"name\":\"Mascar\",\"description\":\"manufacturer of agricultural machines\",\"potentialAction\":[{\"@type\":\"SearchAction\",\"target\":{\"@type\":\"EntryPoint\",\"urlTemplate\":\"https:\/\/mascar.it\/?s={search_term_string}\"},\"query-input\":{\"@type\":\"PropertyValueSpecification\",\"valueRequired\":true,\"valueName\":\"search_term_string\"}}],\"inLanguage\":\"it-IT\"},{\"@type\":\"Person\",\"@id\":\"https:\/\/mascar.it\/#\/schema\/person\/e50245fd23c56c2ac42aec3676dd5380\",\"name\":\"mascar\",\"image\":{\"@type\":\"ImageObject\",\"inLanguage\":\"it-IT\",\"@id\":\"https:\/\/mascar.it\/#\/schema\/person\/image\/\",\"url\":\"https:\/\/secure.gravatar.com\/avatar\/250e12bd4d02f92fd90faef2c78abcb4?s=96&d=mm&r=g\",\"contentUrl\":\"https:\/\/secure.gravatar.com\/avatar\/250e12bd4d02f92fd90faef2c78abcb4?s=96&d=mm&r=g\",\"caption\":\"mascar\"},\"url\":\"https:\/\/mascar.it\/it\/author\/mascar\/\"}]}<\/script>\n<!-- \/ Yoast SEO plugin. -->","yoast_head_json":{"title":"Mascar parteciper\u00e0 al Salon de l\u2019Herbe et des Fourrages 2019","description":"Mascar parteciper\u00e0 al Salon de l\u2019Herbe et des Fourrages, la fiera-evento che si svolger\u00e0 totalmente in campo il 5-6 giungno 2019, Villefranche d\u2019Allier","robots":{"index":"index","follow":"follow","max-snippet":"max-snippet:-1","max-image-preview":"max-image-preview:large","max-video-preview":"max-video-preview:-1"},"canonical":"https:\/\/mascar.it\/it\/mascar-partecipera-al-salon-de-lherbe-et-des-fourrages-2019\/","og_locale":"it_IT","og_type":"article","og_title":"Mascar parteciper\u00e0 al Salon de l\u2019Herbe et des Fourrages 2019","og_description":"Mascar parteciper\u00e0 al Salon de l\u2019Herbe et des Fourrages, la fiera-evento che si svolger\u00e0 totalmente in campo il 5-6 giungno 2019, Villefranche d\u2019Allier","og_url":"https:\/\/mascar.it\/it\/mascar-partecipera-al-salon-de-lherbe-et-des-fourrages-2019\/","og_site_name":"Mascar","article_published_time":"2019-05-16T09:13:04+00:00","article_modified_time":"2021-11-24T08:26:24+00:00","og_image":[{"width":1000,"height":574,"url":"https:\/\/mascar.it\/wp-content\/uploads\/2019\/05\/MG_2149a.jpg","type":"image\/jpeg"}],"author":"mascar","twitter_card":"summary_large_image","twitter_misc":{"Scritto da":"mascar","Tempo di lettura stimato":"1 minuto"},"schema":{"@context":"https:\/\/schema.org","@graph":[{"@type":"WebPage","@id":"https:\/\/mascar.it\/it\/mascar-partecipera-al-salon-de-lherbe-et-des-fourrages-2019\/","url":"https:\/\/mascar.it\/it\/mascar-partecipera-al-salon-de-lherbe-et-des-fourrages-2019\/","name":"Mascar parteciper\u00e0 al Salon de l\u2019Herbe et des Fourrages 2019","isPartOf":{"@id":"https:\/\/mascar.it\/#website"},"primaryImageOfPage":{"@id":"https:\/\/mascar.it\/it\/mascar-partecipera-al-salon-de-lherbe-et-des-fourrages-2019\/#primaryimage"},"image":{"@id":"https:\/\/mascar.it\/it\/mascar-partecipera-al-salon-de-lherbe-et-des-fourrages-2019\/#primaryimage"},"thumbnailUrl":"https:\/\/mascar.it\/wp-content\/uploads\/2019\/05\/MG_2149a.jpg","datePublished":"2019-05-16T09:13:04+00:00","dateModified":"2021-11-24T08:26:24+00:00","author":{"@id":"https:\/\/mascar.it\/#\/schema\/person\/e50245fd23c56c2ac42aec3676dd5380"},"description":"Mascar parteciper\u00e0 al Salon de l\u2019Herbe et des Fourrages, la fiera-evento che si svolger\u00e0 totalmente in campo il 5-6 giungno 2019, Villefranche d\u2019Allier","breadcrumb":{"@id":"https:\/\/mascar.it\/it\/mascar-partecipera-al-salon-de-lherbe-et-des-fourrages-2019\/#breadcrumb"},"inLanguage":"it-IT","potentialAction":[{"@type":"ReadAction","target":["https:\/\/mascar.it\/it\/mascar-partecipera-al-salon-de-lherbe-et-des-fourrages-2019\/"]}]},{"@type":"ImageObject","inLanguage":"it-IT","@id":"https:\/\/mascar.it\/it\/mascar-partecipera-al-salon-de-lherbe-et-des-fourrages-2019\/#primaryimage","url":"https:\/\/mascar.it\/wp-content\/uploads\/2019\/05\/MG_2149a.jpg","contentUrl":"https:\/\/mascar.it\/wp-content\/uploads\/2019\/05\/MG_2149a.jpg","width":1000,"height":574},{"@type":"BreadcrumbList","@id":"https:\/\/mascar.it\/it\/mascar-partecipera-al-salon-de-lherbe-et-des-fourrages-2019\/#breadcrumb","itemListElement":[{"@type":"ListItem","position":1,"name":"Home","item":"https:\/\/mascar.it\/it\/"},{"@type":"ListItem","position":2,"name":"Salon de l\u2019Herbe et des Fourrages 2019"}]},{"@type":"WebSite","@id":"https:\/\/mascar.it\/#website","url":"https:\/\/mascar.it\/","name":"Mascar","description":"manufacturer of agricultural machines","potentialAction":[{"@type":"SearchAction","target":{"@type":"EntryPoint","urlTemplate":"https:\/\/mascar.it\/?s={search_term_string}"},"query-input":{"@type":"PropertyValueSpecification","valueRequired":true,"valueName":"search_term_string"}}],"inLanguage":"it-IT"},{"@type":"Person","@id":"https:\/\/mascar.it\/#\/schema\/person\/e50245fd23c56c2ac42aec3676dd5380","name":"mascar","image":{"@type":"ImageObject","inLanguage":"it-IT","@id":"https:\/\/mascar.it\/#\/schema\/person\/image\/","url":"https:\/\/secure.gravatar.com\/avatar\/250e12bd4d02f92fd90faef2c78abcb4?s=96&d=mm&r=g","contentUrl":"https:\/\/secure.gravatar.com\/avatar\/250e12bd4d02f92fd90faef2c78abcb4?s=96&d=mm&r=g","caption":"mascar"},"url":"https:\/\/mascar.it\/it\/author\/mascar\/"}]}},"_links":{"self":[{"href":"https:\/\/mascar.it\/it\/wp-json\/wp\/v2\/posts\/14185"}],"collection":[{"href":"https:\/\/mascar.it\/it\/wp-json\/wp\/v2\/posts"}],"about":[{"href":"https:\/\/mascar.it\/it\/wp-json\/wp\/v2\/types\/post"}],"author":[{"embeddable":true,"href":"https:\/\/mascar.it\/it\/wp-json\/wp\/v2\/users\/2"}],"replies":[{"embeddable":true,"href":"https:\/\/mascar.it\/it\/wp-json\/wp\/v2\/comments?post=14185"}],"version-history":[{"count":11,"href":"https:\/\/mascar.it\/it\/wp-json\/wp\/v2\/posts\/14185\/revisions"}],"predecessor-version":[{"id":17151,"href":"https:\/\/mascar.it\/it\/wp-json\/wp\/v2\/posts\/14185\/revisions\/17151"}],"wp:featuredmedia":[{"embeddable":true,"href":"https:\/\/mascar.it\/it\/wp-json\/wp\/v2\/media\/14182"}],"wp:attachment":[{"href":"https:\/\/mascar.it\/it\/wp-json\/wp\/v2\/media?parent=14185"}],"wp:term":[{"taxonomy":"category","embeddable":true,"href":"https:\/\/mascar.it\/it\/wp-json\/wp\/v2\/categories?post=14185"},{"taxonomy":"post_tag","embeddable":true,"href":"https:\/\/mascar.it\/it\/wp-json\/wp\/v2\/tags?post=14185"}],"curies":[{"name":"wp","href":"https:\/\/api.w.org\/{rel}","templated":true}]}}